{"id":24169,"date":"2021-03-29T09:52:35","date_gmt":"2021-03-29T07:52:35","guid":{"rendered":"https:\/\/www.saezdecom.com\/la-historia-dels-esdeveniments-segurs-per-saez-decom\/"},"modified":"2023-09-05T12:31:11","modified_gmt":"2023-09-05T10:31:11","slug":"la-historia-dels-esdeveniments-segurs-per-saez-decom","status":"publish","type":"post","link":"https:\/\/saezdecom.com\/ca\/la-historia-dels-esdeveniments-segurs-per-saez-decom\/","title":{"rendered":"La hist\u00f2ria dels esdeveniments segurs, per Saez Decom."},"content":{"rendered":"<div class=\"fusion-fullwidth fullwidth-box fusion-builder-row-1 fusion-flex-container nonhundred-percent-fullwidth non-hundred-percent-height-scrolling\" style=\"--awb-border-radius-top-left:0px;--awb-border-radius-top-right:0px;--awb-border-radius-bottom-right:0px;--awb-border-radius-bottom-left:0px;\" ><div class=\"fusion-builder-row fusion-row fusion-flex-align-items-flex-start\" style=\"max-width:1320.8px;margin-left: calc(-4% \/ 2 );margin-right: calc(-4% \/ 2 );\"><div class=\"fusion-layout-column fusion_builder_column fusion-builder-column-0 fusion_builder_column_1_1 1_1 fusion-flex-column\" style=\"--awb-bg-size:cover;--awb-width-large:100%;--awb-margin-top-large:0px;--awb-spacing-right-large:1.92%;--awb-margin-bottom-large:0px;--awb-spacing-left-large:1.92%;--awb-width-medium:100%;--awb-spacing-right-medium:1.92%;--awb-spacing-left-medium:1.92%;--awb-width-small:100%;--awb-spacing-right-small:1.92%;--awb-spacing-left-small:1.92%;\"><div class=\"fusion-column-wrapper fusion-flex-justify-content-flex-start fusion-content-layout-column\"><div class=\"fusion-text fusion-text-1\"><p>Aviat far\u00e0 set mesos del primer contacte amb el projecte d&#8217;esdeveniments segurs. Est\u00e0vem nerviosos i desconeix\u00edem si la nostra idea funcionaria. L&#8217;\u00fanic que s\u00ed que sab\u00edem \u00e9s que no pod\u00edem quedar-nos de bra\u00e7os plegats mentre el sector es consumia a una gran velocitat.<\/p>\n<p>Al setembre de 2020 vam comen\u00e7ar a treballar en la idea de crear un sistema d&#8217;esdeveniments segurs que fos compatible amb la seguretat i el benestar de la ciutadania, alhora que ens permet\u00e9s tornar a reunir-nos a congressos, presentacions, lliuraments de premis, confer\u00e8ncies\u2026<\/p>\n<p>Va ser al mes seg\u00fcent quan vam contactar amb el Dr Oriol Mitj\u00e0, que va acollir molt b\u00e9 la iniciativa, i ens vam posar a treballar plegats per definir l&#8217;impacte real de l&#8217;\u00fas dels tests d&#8217;ant\u00edgens en un esdeveniment, calculant el risc de contagi en un esdeveniment amb o sense test, aix\u00ed com altres dades cient\u00edfiques fonamentals per validar la idea.<\/p>\n<p>A partir d&#8217;aquell moment ens submergim al m\u00f3n dels tests d&#8217;ant\u00edgens i la seva aplicaci\u00f3 als esdeveniments. Van sorgir diferents inc\u00f2gnites: Com ho fem? Com ha de ser lespai? Quant trigarien X nombre de persones? Com es tracten les dades dels assistents? Podem quantificar com \u00e9s l&#8217;esdeveniment segur?<\/p>\n<p>Gr\u00e0cies a un gran treball en equip ia la mentoria i assessorament del Dr Oriol Mitj\u00e0, vam anar desenredant a poc a poc tots aquests dubtes per crear un <a href=\"https:\/\/www.backtoevents.org\/#plan\">pla d&#8217;acci\u00f3<\/a> s\u00f2lid que ens permetria reunir m\u00e9s entitats i empreses per crear el primer grup de treball que transformaria la idea en una realitat.<\/p>\n<p>Una realitat que el passat 18 de mar\u00e7, amb l&#8217;ajuda i el suport de tots els que van signar el manifest de recuperaci\u00f3 dels esdeveniments presencials segurs, vam mostrar al m\u00f3n en forma del primer esdeveniment segur de Catalunya.<\/p>\n<p>Aquesta trobada no hagu\u00e9s estat possible sense la col\u00b7laboraci\u00f3 durant tot el recorregut de la <a href=\"https:\/\/www.cambrabcn.org\/inici\">Cambra de Comer\u00e7 de Barcelona<\/a>, des del desembre del 2020, aix\u00ed com la impecable producci\u00f3 executiva de <a href=\"http:\/\/ingridandco.es\/\">Ingrid Vidal<\/a> &nbsp;juntament amb el disseny de gui\u00f3 de <a href=\"https:\/\/eventmanagementinstitute.es\/raimond-torrents\/\">Raimond Torrents<\/a>, a m\u00e9s de totes i cadascuna de les empreses col\u00b7laboradores que van fer una feina espectacular. Podeu saber qui s\u00f3n a la web de <a href=\"http:\/\/www.backtoevents.org\">www.backtoevents.org<\/a> o a les <a href=\"https:\/\/www.instagram.com\/backtoevents\/\">xarxes socials<\/a>.<\/p>\n<p>Aix\u00ed que nom\u00e9s ens queda dir GR\u00c0CIES!<\/p>\n<h5>WE ARE BACK.<\/h5>\n<\/div><\/div><\/div><\/div><\/div>\n","protected":false},"excerpt":{"rendered":"","protected":false},"author":3,"featured_media":21727,"comment_status":"open","ping_status":"closed","sticky":false,"template":"","format":"standard","meta":{"footnotes":""},"categories":[113],"tags":[],"class_list":["post-24169","post","type-post","status-publish","format-standard","has-post-thumbnail","hentry","category-sense-categoritzar"],"yoast_head":"<!-- This site is optimized with the Yoast SEO plugin v21.2 - https:\/\/yoast.com\/wordpress\/plugins\/seo\/ -->\n<title>La hist\u00f2ria dels esdeveniments segurs, per Saez Decom. - Saez Decom<\/title>\n<meta name=\"description\" content=\"Coneix els detalls sobre el projecte d\u00b4implementaci\u00f3 d\u00b4esdeveniments segurs, iniciativa impulsada per Saez Decom i la Cambra de Comer\u00e7 de Barcelona.\" \/>\n<meta name=\"robots\" content=\"index, follow, max-snippet:-1, max-image-preview:large, max-video-preview:-1\" \/>\n<link rel=\"canonical\" href=\"https:\/\/saezdecom.com\/ca\/la-historia-dels-esdeveniments-segurs-per-saez-decom\/\" \/>\n<meta property=\"og:locale\" content=\"ca_ES\" \/>\n<meta property=\"og:type\" content=\"article\" \/>\n<meta property=\"og:title\" content=\"La hist\u00f2ria dels esdeveniments segurs, per Saez Decom. - Saez Decom\" \/>\n<meta property=\"og:description\" content=\"Coneix els detalls sobre el projecte d\u00b4implementaci\u00f3 d\u00b4esdeveniments segurs, iniciativa impulsada per Saez Decom i la Cambra de Comer\u00e7 de Barcelona.\" \/>\n<meta property=\"og:url\" content=\"https:\/\/saezdecom.com\/ca\/la-historia-dels-esdeveniments-segurs-per-saez-decom\/\" \/>\n<meta property=\"og:site_name\" content=\"Saez Decom\" \/>\n<meta property=\"article:publisher\" content=\"https:\/\/www.facebook.com\/saezdecomeventos\/\" \/>\n<meta property=\"article:published_time\" content=\"2021-03-29T07:52:35+00:00\" \/>\n<meta property=\"article:modified_time\" content=\"2023-09-05T10:31:11+00:00\" \/>\n<meta property=\"og:image\" content=\"https:\/\/www.saezdecom.es\/wp-content\/uploads\/2021\/03\/eventos-seguros-01.jpg\" \/>\n\t<meta property=\"og:image:width\" content=\"1000\" \/>\n\t<meta property=\"og:image:height\" content=\"662\" \/>\n\t<meta property=\"og:image:type\" content=\"image\/jpeg\" \/>\n<meta name=\"author\" content=\"Saez Decom\" \/>\n<meta name=\"twitter:card\" content=\"summary_large_image\" \/>\n<meta name=\"twitter:creator\" content=\"@saezdecom\" \/>\n<meta name=\"twitter:site\" content=\"@saezdecom\" \/>\n<meta name=\"twitter:label1\" content=\"Escrit per\" \/>\n\t<meta name=\"twitter:data1\" content=\"Saez Decom\" \/>\n\t<meta name=\"twitter:label2\" content=\"Temps estimat de lectura\" \/>\n\t<meta name=\"twitter:data2\" content=\"3 minuts\" \/>\n<script type=\"application\/ld+json\" class=\"yoast-schema-graph\">{\"@context\":\"https:\/\/schema.org\",\"@graph\":[{\"@type\":\"Article\",\"@id\":\"https:\/\/saezdecom.com\/ca\/la-historia-dels-esdeveniments-segurs-per-saez-decom\/#article\",\"isPartOf\":{\"@id\":\"https:\/\/saezdecom.com\/ca\/la-historia-dels-esdeveniments-segurs-per-saez-decom\/\"},\"author\":{\"name\":\"Saez Decom\",\"@id\":\"https:\/\/saezdecom.com\/ca\/#\/schema\/person\/5d7cdfe98b7f943b961afd4a8b4fff93\"},\"headline\":\"La hist\u00f2ria dels esdeveniments segurs, per Saez Decom.\",\"datePublished\":\"2021-03-29T07:52:35+00:00\",\"dateModified\":\"2023-09-05T10:31:11+00:00\",\"mainEntityOfPage\":{\"@id\":\"https:\/\/saezdecom.com\/ca\/la-historia-dels-esdeveniments-segurs-per-saez-decom\/\"},\"wordCount\":524,\"commentCount\":0,\"publisher\":{\"@id\":\"https:\/\/saezdecom.com\/ca\/#organization\"},\"articleSection\":[\"Sense categoritzar\"],\"inLanguage\":\"ca\",\"potentialAction\":[{\"@type\":\"CommentAction\",\"name\":\"Comment\",\"target\":[\"https:\/\/saezdecom.com\/ca\/la-historia-dels-esdeveniments-segurs-per-saez-decom\/#respond\"]}]},{\"@type\":\"WebPage\",\"@id\":\"https:\/\/saezdecom.com\/ca\/la-historia-dels-esdeveniments-segurs-per-saez-decom\/\",\"url\":\"https:\/\/saezdecom.com\/ca\/la-historia-dels-esdeveniments-segurs-per-saez-decom\/\",\"name\":\"La hist\u00f2ria dels esdeveniments segurs, per Saez Decom. - Saez Decom\",\"isPartOf\":{\"@id\":\"https:\/\/saezdecom.com\/ca\/#website\"},\"datePublished\":\"2021-03-29T07:52:35+00:00\",\"dateModified\":\"2023-09-05T10:31:11+00:00\",\"description\":\"Coneix els detalls sobre el projecte d\u00b4implementaci\u00f3 d\u00b4esdeveniments segurs, iniciativa impulsada per Saez Decom i la Cambra de Comer\u00e7 de Barcelona.\",\"breadcrumb\":{\"@id\":\"https:\/\/saezdecom.com\/ca\/la-historia-dels-esdeveniments-segurs-per-saez-decom\/#breadcrumb\"},\"inLanguage\":\"ca\",\"potentialAction\":[{\"@type\":\"ReadAction\",\"target\":[\"https:\/\/saezdecom.com\/ca\/la-historia-dels-esdeveniments-segurs-per-saez-decom\/\"]}]},{\"@type\":\"BreadcrumbList\",\"@id\":\"https:\/\/saezdecom.com\/ca\/la-historia-dels-esdeveniments-segurs-per-saez-decom\/#breadcrumb\",\"itemListElement\":[{\"@type\":\"ListItem\",\"position\":1,\"name\":\"Portada\",\"item\":\"https:\/\/saezdecom.com\/ca\/inicio\/\"},{\"@type\":\"ListItem\",\"position\":2,\"name\":\"La hist\u00f2ria dels esdeveniments segurs, per Saez Decom.\"}]},{\"@type\":\"WebSite\",\"@id\":\"https:\/\/saezdecom.com\/ca\/#website\",\"url\":\"https:\/\/saezdecom.com\/ca\/\",\"name\":\"Saez Decom\",\"description\":\"Backdrops, Servicios y Productos para eventots\",\"publisher\":{\"@id\":\"https:\/\/saezdecom.com\/ca\/#organization\"},\"potentialAction\":[{\"@type\":\"SearchAction\",\"target\":{\"@type\":\"EntryPoint\",\"urlTemplate\":\"https:\/\/saezdecom.com\/ca\/?s={search_term_string}\"},\"query-input\":\"required name=search_term_string\"}],\"inLanguage\":\"ca\"},{\"@type\":\"Organization\",\"@id\":\"https:\/\/saezdecom.com\/ca\/#organization\",\"name\":\"Saez Decom\",\"url\":\"https:\/\/saezdecom.com\/ca\/\",\"logo\":{\"@type\":\"ImageObject\",\"inLanguage\":\"ca\",\"@id\":\"https:\/\/saezdecom.com\/ca\/#\/schema\/logo\/image\/\",\"url\":\"https:\/\/saezdecom.com\/wp-content\/uploads\/2023\/07\/Logo_amb_lletres_Saez_Decom_retina.png\",\"contentUrl\":\"https:\/\/saezdecom.com\/wp-content\/uploads\/2023\/07\/Logo_amb_lletres_Saez_Decom_retina.png\",\"width\":1410,\"height\":200,\"caption\":\"Saez Decom\"},\"image\":{\"@id\":\"https:\/\/saezdecom.com\/ca\/#\/schema\/logo\/image\/\"},\"sameAs\":[\"https:\/\/www.facebook.com\/saezdecomeventos\/\",\"https:\/\/twitter.com\/saezdecom\",\"https:\/\/www.youtube.com\/user\/saezdecom\",\"https:\/\/www.linkedin.com\/company\/saez-decom\/\",\"https:\/\/www.pinterest.es\/saezdecom\/\",\"https:\/\/www.instagram.com\/saez_decom\/\"]},{\"@type\":\"Person\",\"@id\":\"https:\/\/saezdecom.com\/ca\/#\/schema\/person\/5d7cdfe98b7f943b961afd4a8b4fff93\",\"name\":\"Saez Decom\",\"image\":{\"@type\":\"ImageObject\",\"inLanguage\":\"ca\",\"@id\":\"https:\/\/saezdecom.com\/ca\/#\/schema\/person\/image\/\",\"url\":\"https:\/\/secure.gravatar.com\/avatar\/6a7b815887313fdec348228cb85679d485fea0f41e080eccddcdce38f68b3ad3?s=96&d=mm&r=g\",\"contentUrl\":\"https:\/\/secure.gravatar.com\/avatar\/6a7b815887313fdec348228cb85679d485fea0f41e080eccddcdce38f68b3ad3?s=96&d=mm&r=g\",\"caption\":\"Saez Decom\"},\"url\":\"https:\/\/saezdecom.com\/ca\/author\/saez-decom\/\"}]}<\/script>\n<!-- \/ Yoast SEO plugin. -->","yoast_head_json":{"title":"La hist\u00f2ria dels esdeveniments segurs, per Saez Decom. - Saez Decom","description":"Coneix els detalls sobre el projecte d\u00b4implementaci\u00f3 d\u00b4esdeveniments segurs, iniciativa impulsada per Saez Decom i la Cambra de Comer\u00e7 de Barcelona.","robots":{"index":"index","follow":"follow","max-snippet":"max-snippet:-1","max-image-preview":"max-image-preview:large","max-video-preview":"max-video-preview:-1"},"canonical":"https:\/\/saezdecom.com\/ca\/la-historia-dels-esdeveniments-segurs-per-saez-decom\/","og_locale":"ca_ES","og_type":"article","og_title":"La hist\u00f2ria dels esdeveniments segurs, per Saez Decom. - Saez Decom","og_description":"Coneix els detalls sobre el projecte d\u00b4implementaci\u00f3 d\u00b4esdeveniments segurs, iniciativa impulsada per Saez Decom i la Cambra de Comer\u00e7 de Barcelona.","og_url":"https:\/\/saezdecom.com\/ca\/la-historia-dels-esdeveniments-segurs-per-saez-decom\/","og_site_name":"Saez Decom","article_publisher":"https:\/\/www.facebook.com\/saezdecomeventos\/","article_published_time":"2021-03-29T07:52:35+00:00","article_modified_time":"2023-09-05T10:31:11+00:00","og_image":[{"width":1000,"height":662,"url":"https:\/\/www.saezdecom.es\/wp-content\/uploads\/2021\/03\/eventos-seguros-01.jpg","type":"image\/jpeg"}],"author":"Saez Decom","twitter_card":"summary_large_image","twitter_creator":"@saezdecom","twitter_site":"@saezdecom","twitter_misc":{"Escrit per":"Saez Decom","Temps estimat de lectura":"3 minuts"},"schema":{"@context":"https:\/\/schema.org","@graph":[{"@type":"Article","@id":"https:\/\/saezdecom.com\/ca\/la-historia-dels-esdeveniments-segurs-per-saez-decom\/#article","isPartOf":{"@id":"https:\/\/saezdecom.com\/ca\/la-historia-dels-esdeveniments-segurs-per-saez-decom\/"},"author":{"name":"Saez Decom","@id":"https:\/\/saezdecom.com\/ca\/#\/schema\/person\/5d7cdfe98b7f943b961afd4a8b4fff93"},"headline":"La hist\u00f2ria dels esdeveniments segurs, per Saez Decom.","datePublished":"2021-03-29T07:52:35+00:00","dateModified":"2023-09-05T10:31:11+00:00","mainEntityOfPage":{"@id":"https:\/\/saezdecom.com\/ca\/la-historia-dels-esdeveniments-segurs-per-saez-decom\/"},"wordCount":524,"commentCount":0,"publisher":{"@id":"https:\/\/saezdecom.com\/ca\/#organization"},"articleSection":["Sense categoritzar"],"inLanguage":"ca","potentialAction":[{"@type":"CommentAction","name":"Comment","target":["https:\/\/saezdecom.com\/ca\/la-historia-dels-esdeveniments-segurs-per-saez-decom\/#respond"]}]},{"@type":"WebPage","@id":"https:\/\/saezdecom.com\/ca\/la-historia-dels-esdeveniments-segurs-per-saez-decom\/","url":"https:\/\/saezdecom.com\/ca\/la-historia-dels-esdeveniments-segurs-per-saez-decom\/","name":"La hist\u00f2ria dels esdeveniments segurs, per Saez Decom. - Saez Decom","isPartOf":{"@id":"https:\/\/saezdecom.com\/ca\/#website"},"datePublished":"2021-03-29T07:52:35+00:00","dateModified":"2023-09-05T10:31:11+00:00","description":"Coneix els detalls sobre el projecte d\u00b4implementaci\u00f3 d\u00b4esdeveniments segurs, iniciativa impulsada per Saez Decom i la Cambra de Comer\u00e7 de Barcelona.","breadcrumb":{"@id":"https:\/\/saezdecom.com\/ca\/la-historia-dels-esdeveniments-segurs-per-saez-decom\/#breadcrumb"},"inLanguage":"ca","potentialAction":[{"@type":"ReadAction","target":["https:\/\/saezdecom.com\/ca\/la-historia-dels-esdeveniments-segurs-per-saez-decom\/"]}]},{"@type":"BreadcrumbList","@id":"https:\/\/saezdecom.com\/ca\/la-historia-dels-esdeveniments-segurs-per-saez-decom\/#breadcrumb","itemListElement":[{"@type":"ListItem","position":1,"name":"Portada","item":"https:\/\/saezdecom.com\/ca\/inicio\/"},{"@type":"ListItem","position":2,"name":"La hist\u00f2ria dels esdeveniments segurs, per Saez Decom."}]},{"@type":"WebSite","@id":"https:\/\/saezdecom.com\/ca\/#website","url":"https:\/\/saezdecom.com\/ca\/","name":"Saez Decom","description":"Backdrops, Servicios y Productos para eventots","publisher":{"@id":"https:\/\/saezdecom.com\/ca\/#organization"},"potentialAction":[{"@type":"SearchAction","target":{"@type":"EntryPoint","urlTemplate":"https:\/\/saezdecom.com\/ca\/?s={search_term_string}"},"query-input":"required name=search_term_string"}],"inLanguage":"ca"},{"@type":"Organization","@id":"https:\/\/saezdecom.com\/ca\/#organization","name":"Saez Decom","url":"https:\/\/saezdecom.com\/ca\/","logo":{"@type":"ImageObject","inLanguage":"ca","@id":"https:\/\/saezdecom.com\/ca\/#\/schema\/logo\/image\/","url":"https:\/\/saezdecom.com\/wp-content\/uploads\/2023\/07\/Logo_amb_lletres_Saez_Decom_retina.png","contentUrl":"https:\/\/saezdecom.com\/wp-content\/uploads\/2023\/07\/Logo_amb_lletres_Saez_Decom_retina.png","width":1410,"height":200,"caption":"Saez Decom"},"image":{"@id":"https:\/\/saezdecom.com\/ca\/#\/schema\/logo\/image\/"},"sameAs":["https:\/\/www.facebook.com\/saezdecomeventos\/","https:\/\/twitter.com\/saezdecom","https:\/\/www.youtube.com\/user\/saezdecom","https:\/\/www.linkedin.com\/company\/saez-decom\/","https:\/\/www.pinterest.es\/saezdecom\/","https:\/\/www.instagram.com\/saez_decom\/"]},{"@type":"Person","@id":"https:\/\/saezdecom.com\/ca\/#\/schema\/person\/5d7cdfe98b7f943b961afd4a8b4fff93","name":"Saez Decom","image":{"@type":"ImageObject","inLanguage":"ca","@id":"https:\/\/saezdecom.com\/ca\/#\/schema\/person\/image\/","url":"https:\/\/secure.gravatar.com\/avatar\/6a7b815887313fdec348228cb85679d485fea0f41e080eccddcdce38f68b3ad3?s=96&d=mm&r=g","contentUrl":"https:\/\/secure.gravatar.com\/avatar\/6a7b815887313fdec348228cb85679d485fea0f41e080eccddcdce38f68b3ad3?s=96&d=mm&r=g","caption":"Saez Decom"},"url":"https:\/\/saezdecom.com\/ca\/author\/saez-decom\/"}]}},"_links":{"self":[{"href":"https:\/\/saezdecom.com\/ca\/wp-json\/wp\/v2\/posts\/24169","targetHints":{"allow":["GET"]}}],"collection":[{"href":"https:\/\/saezdecom.com\/ca\/wp-json\/wp\/v2\/posts"}],"about":[{"href":"https:\/\/saezdecom.com\/ca\/wp-json\/wp\/v2\/types\/post"}],"author":[{"embeddable":true,"href":"https:\/\/saezdecom.com\/ca\/wp-json\/wp\/v2\/users\/3"}],"replies":[{"embeddable":true,"href":"https:\/\/saezdecom.com\/ca\/wp-json\/wp\/v2\/comments?post=24169"}],"version-history":[{"count":2,"href":"https:\/\/saezdecom.com\/ca\/wp-json\/wp\/v2\/posts\/24169\/revisions"}],"predecessor-version":[{"id":24171,"href":"https:\/\/saezdecom.com\/ca\/wp-json\/wp\/v2\/posts\/24169\/revisions\/24171"}],"wp:featuredmedia":[{"embeddable":true,"href":"https:\/\/saezdecom.com\/ca\/wp-json\/wp\/v2\/media\/21727"}],"wp:attachment":[{"href":"https:\/\/saezdecom.com\/ca\/wp-json\/wp\/v2\/media?parent=24169"}],"wp:term":[{"taxonomy":"category","embeddable":true,"href":"https:\/\/saezdecom.com\/ca\/wp-json\/wp\/v2\/categories?post=24169"},{"taxonomy":"post_tag","embeddable":true,"href":"https:\/\/saezdecom.com\/ca\/wp-json\/wp\/v2\/tags?post=24169"}],"curies":[{"name":"wp","href":"https:\/\/api.w.org\/{rel}","templated":true}]}}