{"id":24649,"date":"2016-08-30T14:36:24","date_gmt":"2016-08-30T12:36:24","guid":{"rendered":"https:\/\/www.saezdecom.com\/lloguer-per-a-esdeveniments\/"},"modified":"2023-09-20T15:51:18","modified_gmt":"2023-09-20T13:51:18","slug":"lloguer-per-a-esdeveniments","status":"publish","type":"post","link":"https:\/\/saezdecom.com\/ca\/lloguer-per-a-esdeveniments\/","title":{"rendered":"Lloguer per a esdeveniments"},"content":{"rendered":"<div class=\"fusion-fullwidth fullwidth-box fusion-builder-row-1 fusion-flex-container nonhundred-percent-fullwidth non-hundred-percent-height-scrolling\" style=\"--awb-border-radius-top-left:0px;--awb-border-radius-top-right:0px;--awb-border-radius-bottom-right:0px;--awb-border-radius-bottom-left:0px;\" ><div class=\"fusion-builder-row fusion-row fusion-flex-align-items-flex-start\" style=\"max-width:1320.8px;margin-left: calc(-4% \/ 2 );margin-right: calc(-4% \/ 2 );\"><div class=\"fusion-layout-column fusion_builder_column fusion-builder-column-0 fusion_builder_column_1_1 1_1 fusion-flex-column\" style=\"--awb-bg-size:cover;--awb-width-large:100%;--awb-margin-top-large:0px;--awb-spacing-right-large:1.92%;--awb-margin-bottom-large:0px;--awb-spacing-left-large:1.92%;--awb-width-medium:100%;--awb-spacing-right-medium:1.92%;--awb-spacing-left-medium:1.92%;--awb-width-small:100%;--awb-spacing-right-small:1.92%;--awb-spacing-left-small:1.92%;\"><div class=\"fusion-column-wrapper fusion-flex-justify-content-flex-start fusion-content-layout-column\"><div class=\"fusion-text fusion-text-1\"><p>A Saez Decom disposem d&#8217;un variat cat\u00e0leg de productes de lloguer per a esdeveniments, fa m\u00e9s de 10 anys vam introduir el sistema pipeanddrape, des d&#8217;aquell moment el nostre cat\u00e0leg de lloguer per a esdeveniments, l&#8217;hem anat ampliant amb productes exclusius per a congressos, esdeveniments, estands, casaments , etc\u2026 m&#8217;agradaria donar-vos unes petites idees per decorar els vostres projectes o realitzar un senzill backdrop, amb sistemes senzills, vistosos i que podeu trobar a la nostra web. Sobretot busquem la versatilitat.<\/p>\n<p>Amb pipeanddrape podeu fer separadors d&#8217;ambients, acotar espais per fer un fons d&#8217;escenari o backdrop, fins i tot un senzill cobreix control. Un sistema econ\u00f2mic de lloguer per a esdeveniments que us el podeu muntar vosaltres mateixos.<\/p>\n<p>Amb Framewalls, el sistema que utilitzem tamb\u00e9 com a caixa de llum, senyal\u00e8tica per a esdeveniments o fins i tot per a fons d&#8217;escenari, photocalls i llums per a esdeveniments.<\/p>\n<p>Les tarimes per a escenaris o graderies per a esdeveniments s\u00f3n sempre necess\u00e0ries perqu\u00e8 el vostre p\u00fablic pugui veure c\u00f2modament que est\u00e0 passant al teu esdeveniment, des d&#8217;elevar un cotxe, fins i tot dins d&#8217;una piscina. Fins i tot una tarima circular. Necessites un tablao flamenc? Incorporem fusta especial perqu\u00e8 puguis fer-ho. Disposem d&#8217;escales de fusta i rampes. L&#8217;emmoquetat i els faldons s\u00f3n amb acabats de primera qualitat, el teu esdeveniment sempre tindr\u00e0 els millors acabats.<\/p>\n<p>El Sistema 4To8 \u00e9s molt utilitzat en lloguer per a esdeveniments, podem fer fons d&#8217;escenari o backdrops, paravents, separadors per a esdeveniments, separadors per a estands, etc. Pots combinar els seus dissenys i decorar el teu esdeveniment o casament donant-li un toc diferenciat.<\/p>\n<p>Sabem que trobar tot all\u00f2 necessari per realitzar un esdeveniment el m\u00e9s complet possible \u00e9s molt dif\u00edcil, per aix\u00f2 posem a la teva disposici\u00f3 tot tipus d&#8217;elements decoratius, dissenyats i fabricats de forma exclusiva al nostre taller. Si no tens clar com decorar el teu projecte, estarem encantats de resoldre tots els teus dubtes i fer-te un cable en tot el necessari.<\/p>\n<p>Truca&#8217;ns i informa&#8217;t que podem oferir de lloguer per a esdeveniments, t&#8217;atreveixes a transformar el teu esdeveniment?<\/p>\n<\/div><\/div><\/div><\/div><\/div>\n","protected":false},"excerpt":{"rendered":"","protected":false},"author":2,"featured_media":22463,"comment_status":"open","ping_status":"closed","sticky":false,"template":"","format":"standard","meta":{"footnotes":""},"categories":[106,115,107,114,116],"tags":[240],"class_list":["post-24649","post","type-post","status-publish","format-standard","has-post-thumbnail","hentry","category-alquiler-para-eventos-ca","category-backdrops-ca","category-cajas-de-luz-ca","category-escenaris","category-lloguer-de-mobiliari-per-a-esdeveniments","tag-lloguer-esdeveniments"],"yoast_head":"<!-- This site is optimized with the Yoast SEO plugin v21.2 - https:\/\/yoast.com\/wordpress\/plugins\/seo\/ -->\n<title>Lloguer per a esdeveniments: Decoraci\u00f3 especial i \u00fanica, d\u00f3na vida al teu esdeveniment.<\/title>\n<meta name=\"description\" content=\"Lloguer per a esdeveniments: Decoraci\u00f3 especial i \u00fanica, d\u00f3na vida al teu esdeveniment. Informa&#039;t a Saez Decom, especialistes en decoraci\u00f3 per a esdeveniments. Visita&#039;ns i descobreix-ho!\" \/>\n<meta name=\"robots\" content=\"index, follow, max-snippet:-1, max-image-preview:large, max-video-preview:-1\" \/>\n<link rel=\"canonical\" href=\"https:\/\/saezdecom.com\/ca\/lloguer-per-a-esdeveniments\/\" \/>\n<meta property=\"og:locale\" content=\"ca_ES\" \/>\n<meta property=\"og:type\" content=\"article\" \/>\n<meta property=\"og:title\" content=\"Lloguer per a esdeveniments: Decoraci\u00f3 especial i \u00fanica, d\u00f3na vida al teu esdeveniment.\" \/>\n<meta property=\"og:description\" content=\"Lloguer per a esdeveniments: Decoraci\u00f3 especial i \u00fanica, d\u00f3na vida al teu esdeveniment. Informa&#039;t a Saez Decom, especialistes en decoraci\u00f3 per a esdeveniments. Visita&#039;ns i descobreix-ho!\" \/>\n<meta property=\"og:url\" content=\"https:\/\/saezdecom.com\/ca\/lloguer-per-a-esdeveniments\/\" \/>\n<meta property=\"og:site_name\" content=\"Saez Decom\" \/>\n<meta property=\"article:publisher\" content=\"https:\/\/www.facebook.com\/saezdecomeventos\/\" \/>\n<meta property=\"article:published_time\" content=\"2016-08-30T12:36:24+00:00\" \/>\n<meta property=\"article:modified_time\" content=\"2023-09-20T13:51:18+00:00\" \/>\n<meta property=\"og:image\" content=\"https:\/\/www.saezdecom.es\/wp-content\/uploads\/2016\/07\/alquiler-de-escenarios-8.jpg\" \/>\n\t<meta property=\"og:image:width\" content=\"1000\" \/>\n\t<meta property=\"og:image:height\" content=\"662\" \/>\n\t<meta property=\"og:image:type\" content=\"image\/jpeg\" \/>\n<meta name=\"author\" content=\"Saez DeCom\" \/>\n<meta name=\"twitter:card\" content=\"summary_large_image\" \/>\n<meta name=\"twitter:creator\" content=\"@saezdecom\" \/>\n<meta name=\"twitter:site\" content=\"@saezdecom\" \/>\n<meta name=\"twitter:label1\" content=\"Escrit per\" \/>\n\t<meta name=\"twitter:data1\" content=\"Saez DeCom\" \/>\n\t<meta name=\"twitter:label2\" content=\"Temps estimat de lectura\" \/>\n\t<meta name=\"twitter:data2\" content=\"2 minuts\" \/>\n<script type=\"application\/ld+json\" class=\"yoast-schema-graph\">{\"@context\":\"https:\/\/schema.org\",\"@graph\":[{\"@type\":\"Article\",\"@id\":\"https:\/\/saezdecom.com\/ca\/lloguer-per-a-esdeveniments\/#article\",\"isPartOf\":{\"@id\":\"https:\/\/saezdecom.com\/ca\/lloguer-per-a-esdeveniments\/\"},\"author\":{\"name\":\"Saez DeCom\",\"@id\":\"https:\/\/saezdecom.com\/ca\/#\/schema\/person\/e4f8ed0a32304ab3dce86f1dd358c38d\"},\"headline\":\"Lloguer per a esdeveniments\",\"datePublished\":\"2016-08-30T12:36:24+00:00\",\"dateModified\":\"2023-09-20T13:51:18+00:00\",\"mainEntityOfPage\":{\"@id\":\"https:\/\/saezdecom.com\/ca\/lloguer-per-a-esdeveniments\/\"},\"wordCount\":483,\"commentCount\":0,\"publisher\":{\"@id\":\"https:\/\/saezdecom.com\/ca\/#organization\"},\"keywords\":[\"lloguer esdeveniments\"],\"articleSection\":[\"Alquiler para eventos\",\"backdrops\",\"cajas de luz\",\"escenaris\",\"lloguer de mobiliari per a esdeveniments\"],\"inLanguage\":\"ca\",\"potentialAction\":[{\"@type\":\"CommentAction\",\"name\":\"Comment\",\"target\":[\"https:\/\/saezdecom.com\/ca\/lloguer-per-a-esdeveniments\/#respond\"]}]},{\"@type\":\"WebPage\",\"@id\":\"https:\/\/saezdecom.com\/ca\/lloguer-per-a-esdeveniments\/\",\"url\":\"https:\/\/saezdecom.com\/ca\/lloguer-per-a-esdeveniments\/\",\"name\":\"Lloguer per a esdeveniments: Decoraci\u00f3 especial i \u00fanica, d\u00f3na vida al teu esdeveniment.\",\"isPartOf\":{\"@id\":\"https:\/\/saezdecom.com\/ca\/#website\"},\"datePublished\":\"2016-08-30T12:36:24+00:00\",\"dateModified\":\"2023-09-20T13:51:18+00:00\",\"description\":\"Lloguer per a esdeveniments: Decoraci\u00f3 especial i \u00fanica, d\u00f3na vida al teu esdeveniment. Informa't a Saez Decom, especialistes en decoraci\u00f3 per a esdeveniments. Visita'ns i descobreix-ho!\",\"breadcrumb\":{\"@id\":\"https:\/\/saezdecom.com\/ca\/lloguer-per-a-esdeveniments\/#breadcrumb\"},\"inLanguage\":\"ca\",\"potentialAction\":[{\"@type\":\"ReadAction\",\"target\":[\"https:\/\/saezdecom.com\/ca\/lloguer-per-a-esdeveniments\/\"]}]},{\"@type\":\"BreadcrumbList\",\"@id\":\"https:\/\/saezdecom.com\/ca\/lloguer-per-a-esdeveniments\/#breadcrumb\",\"itemListElement\":[{\"@type\":\"ListItem\",\"position\":1,\"name\":\"Portada\",\"item\":\"https:\/\/saezdecom.com\/ca\/inicio\/\"},{\"@type\":\"ListItem\",\"position\":2,\"name\":\"Lloguer per a esdeveniments\"}]},{\"@type\":\"WebSite\",\"@id\":\"https:\/\/saezdecom.com\/ca\/#website\",\"url\":\"https:\/\/saezdecom.com\/ca\/\",\"name\":\"Saez Decom\",\"description\":\"Backdrops, Servicios y Productos para eventots\",\"publisher\":{\"@id\":\"https:\/\/saezdecom.com\/ca\/#organization\"},\"potentialAction\":[{\"@type\":\"SearchAction\",\"target\":{\"@type\":\"EntryPoint\",\"urlTemplate\":\"https:\/\/saezdecom.com\/ca\/?s={search_term_string}\"},\"query-input\":\"required name=search_term_string\"}],\"inLanguage\":\"ca\"},{\"@type\":\"Organization\",\"@id\":\"https:\/\/saezdecom.com\/ca\/#organization\",\"name\":\"Saez Decom\",\"url\":\"https:\/\/saezdecom.com\/ca\/\",\"logo\":{\"@type\":\"ImageObject\",\"inLanguage\":\"ca\",\"@id\":\"https:\/\/saezdecom.com\/ca\/#\/schema\/logo\/image\/\",\"url\":\"https:\/\/saezdecom.com\/wp-content\/uploads\/2023\/07\/Logo_amb_lletres_Saez_Decom_retina.png\",\"contentUrl\":\"https:\/\/saezdecom.com\/wp-content\/uploads\/2023\/07\/Logo_amb_lletres_Saez_Decom_retina.png\",\"width\":1410,\"height\":200,\"caption\":\"Saez Decom\"},\"image\":{\"@id\":\"https:\/\/saezdecom.com\/ca\/#\/schema\/logo\/image\/\"},\"sameAs\":[\"https:\/\/www.facebook.com\/saezdecomeventos\/\",\"https:\/\/twitter.com\/saezdecom\",\"https:\/\/www.youtube.com\/user\/saezdecom\",\"https:\/\/www.linkedin.com\/company\/saez-decom\/\",\"https:\/\/www.pinterest.es\/saezdecom\/\",\"https:\/\/www.instagram.com\/saez_decom\/\"]},{\"@type\":\"Person\",\"@id\":\"https:\/\/saezdecom.com\/ca\/#\/schema\/person\/e4f8ed0a32304ab3dce86f1dd358c38d\",\"name\":\"Saez DeCom\",\"image\":{\"@type\":\"ImageObject\",\"inLanguage\":\"ca\",\"@id\":\"https:\/\/saezdecom.com\/ca\/#\/schema\/person\/image\/\",\"url\":\"https:\/\/secure.gravatar.com\/avatar\/53ee7f66ede0146b47e732dfac882762172683f5bde0a587ba8ac72cbd686a24?s=96&d=mm&r=g\",\"contentUrl\":\"https:\/\/secure.gravatar.com\/avatar\/53ee7f66ede0146b47e732dfac882762172683f5bde0a587ba8ac72cbd686a24?s=96&d=mm&r=g\",\"caption\":\"Saez DeCom\"},\"url\":\"https:\/\/saezdecom.com\/ca\/author\/seosveadmin\/\"}]}<\/script>\n<!-- \/ Yoast SEO plugin. -->","yoast_head_json":{"title":"Lloguer per a esdeveniments: Decoraci\u00f3 especial i \u00fanica, d\u00f3na vida al teu esdeveniment.","description":"Lloguer per a esdeveniments: Decoraci\u00f3 especial i \u00fanica, d\u00f3na vida al teu esdeveniment. Informa't a Saez Decom, especialistes en decoraci\u00f3 per a esdeveniments. Visita'ns i descobreix-ho!","robots":{"index":"index","follow":"follow","max-snippet":"max-snippet:-1","max-image-preview":"max-image-preview:large","max-video-preview":"max-video-preview:-1"},"canonical":"https:\/\/saezdecom.com\/ca\/lloguer-per-a-esdeveniments\/","og_locale":"ca_ES","og_type":"article","og_title":"Lloguer per a esdeveniments: Decoraci\u00f3 especial i \u00fanica, d\u00f3na vida al teu esdeveniment.","og_description":"Lloguer per a esdeveniments: Decoraci\u00f3 especial i \u00fanica, d\u00f3na vida al teu esdeveniment. Informa't a Saez Decom, especialistes en decoraci\u00f3 per a esdeveniments. Visita'ns i descobreix-ho!","og_url":"https:\/\/saezdecom.com\/ca\/lloguer-per-a-esdeveniments\/","og_site_name":"Saez Decom","article_publisher":"https:\/\/www.facebook.com\/saezdecomeventos\/","article_published_time":"2016-08-30T12:36:24+00:00","article_modified_time":"2023-09-20T13:51:18+00:00","og_image":[{"width":1000,"height":662,"url":"https:\/\/www.saezdecom.es\/wp-content\/uploads\/2016\/07\/alquiler-de-escenarios-8.jpg","type":"image\/jpeg"}],"author":"Saez DeCom","twitter_card":"summary_large_image","twitter_creator":"@saezdecom","twitter_site":"@saezdecom","twitter_misc":{"Escrit per":"Saez DeCom","Temps estimat de lectura":"2 minuts"},"schema":{"@context":"https:\/\/schema.org","@graph":[{"@type":"Article","@id":"https:\/\/saezdecom.com\/ca\/lloguer-per-a-esdeveniments\/#article","isPartOf":{"@id":"https:\/\/saezdecom.com\/ca\/lloguer-per-a-esdeveniments\/"},"author":{"name":"Saez DeCom","@id":"https:\/\/saezdecom.com\/ca\/#\/schema\/person\/e4f8ed0a32304ab3dce86f1dd358c38d"},"headline":"Lloguer per a esdeveniments","datePublished":"2016-08-30T12:36:24+00:00","dateModified":"2023-09-20T13:51:18+00:00","mainEntityOfPage":{"@id":"https:\/\/saezdecom.com\/ca\/lloguer-per-a-esdeveniments\/"},"wordCount":483,"commentCount":0,"publisher":{"@id":"https:\/\/saezdecom.com\/ca\/#organization"},"keywords":["lloguer esdeveniments"],"articleSection":["Alquiler para eventos","backdrops","cajas de luz","escenaris","lloguer de mobiliari per a esdeveniments"],"inLanguage":"ca","potentialAction":[{"@type":"CommentAction","name":"Comment","target":["https:\/\/saezdecom.com\/ca\/lloguer-per-a-esdeveniments\/#respond"]}]},{"@type":"WebPage","@id":"https:\/\/saezdecom.com\/ca\/lloguer-per-a-esdeveniments\/","url":"https:\/\/saezdecom.com\/ca\/lloguer-per-a-esdeveniments\/","name":"Lloguer per a esdeveniments: Decoraci\u00f3 especial i \u00fanica, d\u00f3na vida al teu esdeveniment.","isPartOf":{"@id":"https:\/\/saezdecom.com\/ca\/#website"},"datePublished":"2016-08-30T12:36:24+00:00","dateModified":"2023-09-20T13:51:18+00:00","description":"Lloguer per a esdeveniments: Decoraci\u00f3 especial i \u00fanica, d\u00f3na vida al teu esdeveniment. Informa't a Saez Decom, especialistes en decoraci\u00f3 per a esdeveniments. Visita'ns i descobreix-ho!","breadcrumb":{"@id":"https:\/\/saezdecom.com\/ca\/lloguer-per-a-esdeveniments\/#breadcrumb"},"inLanguage":"ca","potentialAction":[{"@type":"ReadAction","target":["https:\/\/saezdecom.com\/ca\/lloguer-per-a-esdeveniments\/"]}]},{"@type":"BreadcrumbList","@id":"https:\/\/saezdecom.com\/ca\/lloguer-per-a-esdeveniments\/#breadcrumb","itemListElement":[{"@type":"ListItem","position":1,"name":"Portada","item":"https:\/\/saezdecom.com\/ca\/inicio\/"},{"@type":"ListItem","position":2,"name":"Lloguer per a esdeveniments"}]},{"@type":"WebSite","@id":"https:\/\/saezdecom.com\/ca\/#website","url":"https:\/\/saezdecom.com\/ca\/","name":"Saez Decom","description":"Backdrops, Servicios y Productos para eventots","publisher":{"@id":"https:\/\/saezdecom.com\/ca\/#organization"},"potentialAction":[{"@type":"SearchAction","target":{"@type":"EntryPoint","urlTemplate":"https:\/\/saezdecom.com\/ca\/?s={search_term_string}"},"query-input":"required name=search_term_string"}],"inLanguage":"ca"},{"@type":"Organization","@id":"https:\/\/saezdecom.com\/ca\/#organization","name":"Saez Decom","url":"https:\/\/saezdecom.com\/ca\/","logo":{"@type":"ImageObject","inLanguage":"ca","@id":"https:\/\/saezdecom.com\/ca\/#\/schema\/logo\/image\/","url":"https:\/\/saezdecom.com\/wp-content\/uploads\/2023\/07\/Logo_amb_lletres_Saez_Decom_retina.png","contentUrl":"https:\/\/saezdecom.com\/wp-content\/uploads\/2023\/07\/Logo_amb_lletres_Saez_Decom_retina.png","width":1410,"height":200,"caption":"Saez Decom"},"image":{"@id":"https:\/\/saezdecom.com\/ca\/#\/schema\/logo\/image\/"},"sameAs":["https:\/\/www.facebook.com\/saezdecomeventos\/","https:\/\/twitter.com\/saezdecom","https:\/\/www.youtube.com\/user\/saezdecom","https:\/\/www.linkedin.com\/company\/saez-decom\/","https:\/\/www.pinterest.es\/saezdecom\/","https:\/\/www.instagram.com\/saez_decom\/"]},{"@type":"Person","@id":"https:\/\/saezdecom.com\/ca\/#\/schema\/person\/e4f8ed0a32304ab3dce86f1dd358c38d","name":"Saez DeCom","image":{"@type":"ImageObject","inLanguage":"ca","@id":"https:\/\/saezdecom.com\/ca\/#\/schema\/person\/image\/","url":"https:\/\/secure.gravatar.com\/avatar\/53ee7f66ede0146b47e732dfac882762172683f5bde0a587ba8ac72cbd686a24?s=96&d=mm&r=g","contentUrl":"https:\/\/secure.gravatar.com\/avatar\/53ee7f66ede0146b47e732dfac882762172683f5bde0a587ba8ac72cbd686a24?s=96&d=mm&r=g","caption":"Saez DeCom"},"url":"https:\/\/saezdecom.com\/ca\/author\/seosveadmin\/"}]}},"_links":{"self":[{"href":"https:\/\/saezdecom.com\/ca\/wp-json\/wp\/v2\/posts\/24649","targetHints":{"allow":["GET"]}}],"collection":[{"href":"https:\/\/saezdecom.com\/ca\/wp-json\/wp\/v2\/posts"}],"about":[{"href":"https:\/\/saezdecom.com\/ca\/wp-json\/wp\/v2\/types\/post"}],"author":[{"embeddable":true,"href":"https:\/\/saezdecom.com\/ca\/wp-json\/wp\/v2\/users\/2"}],"replies":[{"embeddable":true,"href":"https:\/\/saezdecom.com\/ca\/wp-json\/wp\/v2\/comments?post=24649"}],"version-history":[{"count":2,"href":"https:\/\/saezdecom.com\/ca\/wp-json\/wp\/v2\/posts\/24649\/revisions"}],"predecessor-version":[{"id":24651,"href":"https:\/\/saezdecom.com\/ca\/wp-json\/wp\/v2\/posts\/24649\/revisions\/24651"}],"wp:featuredmedia":[{"embeddable":true,"href":"https:\/\/saezdecom.com\/ca\/wp-json\/wp\/v2\/media\/22463"}],"wp:attachment":[{"href":"https:\/\/saezdecom.com\/ca\/wp-json\/wp\/v2\/media?parent=24649"}],"wp:term":[{"taxonomy":"category","embeddable":true,"href":"https:\/\/saezdecom.com\/ca\/wp-json\/wp\/v2\/categories?post=24649"},{"taxonomy":"post_tag","embeddable":true,"href":"https:\/\/saezdecom.com\/ca\/wp-json\/wp\/v2\/tags?post=24649"}],"curies":[{"name":"wp","href":"https:\/\/api.w.org\/{rel}","templated":true}]}}